{"id":1216,"date":"2011-03-19T09:57:20","date_gmt":"2011-03-19T09:57:20","guid":{"rendered":"http:\/\/blog.ensci.com\/innovationbydesign\/?p=1216"},"modified":"2011-03-19T12:40:42","modified_gmt":"2011-03-19T12:40:42","slug":"le-lien-entre-individus-innovation-et-design-jour-2","status":"publish","type":"post","link":"https:\/\/blog.ensci.com\/innovationbydesign\/2011\/03\/19\/le-lien-entre-individus-innovation-et-design-jour-2\/","title":{"rendered":"Le lien entre individus, innovation et design (jour 2)"},"content":{"rendered":"<p><em>par Sophie P\u00e8ne<\/em><\/p>\n<p>Fran\u00e7ois Tadd\u00e9\u00ef &#8211; TEDx Paris<br \/>\n<a href=\"http:\/\/www.youtube.com\/watch?v=60_xXe5IAkI\"><img loading=\"lazy\" decoding=\"async\" class=\"alignnone size-full wp-image-1217\" src=\"http:\/\/blog.ensci.com\/innovationbydesign\/files\/2011\/03\/Capture-d\u2019\u00e9cran-2011-03-19-\u00e0-09.49.50.png\" alt=\"\" width=\"658\" height=\"399\" srcset=\"https:\/\/blog.ensci.com\/innovationbydesign\/files\/2011\/03\/Capture-d\u2019\u00e9cran-2011-03-19-\u00e0-09.49.50.png 658w, https:\/\/blog.ensci.com\/innovationbydesign\/files\/2011\/03\/Capture-d\u2019\u00e9cran-2011-03-19-\u00e0-09.49.50-300x181.png 300w\" sizes=\"auto, (max-width: 658px) 100vw, 658px\" \/><\/a><\/p>\n<p><a href=\"http:\/\/fabelier.org\/\">http:\/\/fabelier.org\/<\/a><\/p>\n<p>Le num\u00e9rique industrialise une nouvelle mani\u00e8re d&rsquo;acc\u00e8s \u00e0 la connaissance, \u00e0 l&rsquo;\u00e9ducation.<\/p>\n<p>apprendre aujourd&rsquo;hui c&rsquo;est comme apprendre \u00e0 jouer au L\u00e9go avec des formes qui changent tout le temps. Knowledge Builder correspond bien \u00e0 la mani\u00e8re de travailler dans les \u00e9coles et dans les entreprises.<br \/>\nil faut casser le mod\u00e8le du cours , c&rsquo;est toute la question de la transmission . L&rsquo;\u00e9l\u00e8ve n&rsquo;est pas l&rsquo;assistant mais quelqu&rsquo;un qui est pleinement acteurs par ses connaissances, par ses curiosit\u00e9s, &#8230;<\/p>\n<p>exemple de l&rsquo;afpa<br \/>\nassociation de formation professionnelle pour adultes. n\u00e9e apr\u00e8s la guerre.<br \/>\nc&rsquo;est la formation continue des mondes techniques. la guerre de 14 fait que les femmes, les vieux, etc &#8230; vont \u00eatre form\u00e9s. Et apr\u00e8s il y a eu des r\u00e9flexions p\u00e9dagogiques, et dans l&rsquo;entre deux guerres, la France va \u00eatre un formidable vivier de ce que c&rsquo;est qu&rsquo;apprendre. L&rsquo;Afpa est empreingn\u00e9e de ces questions.<br \/>\nComment transf\u00e9rer les utopies \u00e9ducatives au mond eouvrier. il a fallu aussi voir comment \u00e9valuer les acquis.<br \/>\nEn 1971 arrive le droit \u00e0 la formation, le droit \u00e0 faire ce que l&rsquo;on d\u00e9sire et la probl\u00e9matique de d\u00e9veloppement personnel. Et ce de 1971 aux ann\u00e9es 80. Ensuite cela change profond\u00e9ment.<br \/>\nL&rsquo;afpa a compl\u00e8tement explos\u00e9; perte du monopole, passage des processus d&rsquo;\u00e9tat \u00e0 des processus r\u00e9gionaux, &#8230; Ils ont fait toute une r\u00e9forme.<br \/>\nL&rsquo;intuition du directeur est que on est face \u00e0 un paradoxe, la seule fa\u00e7on de changer l&rsquo;afpa est de changer le coeur de m\u00e9tier mais il y a un attachement des formateurs \u00e0 la qualification professionnelle des personnes form\u00e9es et au fait qu&rsquo;ils trouvent un boulot.<br \/>\nId\u00e9e de faire un travail prospectif, un travail de design<br \/>\nId\u00e9e menac\u00e9e de la formaion des adultes en France, si on arrive pas \u00e0 redorer, recr\u00e9er, etc&#8230; le dispositif de formation des adultes. Son id\u00e9e est de faire un grand portail de la formation en France.<br \/>\nSe former devient souffler un peu, respirer un peu, et tous avec le mythe de cr\u00e9er une entreprise.<\/p>\n<p>Les gens sont form\u00e9s en \u00ab\u00a0cabine\u00a0\u00bb. En mode Isoler.<br \/>\nFaire pour de faux, faire\/d\u00e9faire, construire\/d\u00e9construire (des murs) pour apprendre, le th\u00e9\u00e2tre professionnel.<\/p>\n<p>l&rsquo;afpa label \/ l&rsquo;afpa observatoire \/ l&rsquo;afa p\u00e9pini\u00e8re \/ l&rsquo;afpa communautaire \/ l&rsquo;afpa promotrice<\/p>\n<p>site afpa : <a href=\"http:\/\/www.afpa.fr\/\">http:\/\/www.afpa.fr\/<\/a><\/p>\n<p>&gt; Renzo Martens &#8211; Empowerment<\/p>\n<p>&gt; <a href=\"http:\/\/www.penserlesocialautrement.com\">www.penserlesocialautrement.com<\/a><\/p>\n<p>&gt; comment r\u00e9cup\u00e9rer la connaissance implicite.<br \/>\ncf. <a href=\"http:\/\/www.syre.com\/racine\/Nonaka.htm\">http:\/\/www.syre.com\/racine\/Nonaka.htm<\/a><\/p>\n<p><a href=\"http:\/\/blog.ensci.com\/innovationbydesign\/files\/2011\/03\/Capture-d\u2019\u00e9cran-2011-03-19-\u00e0-12.27.03.png\"><img loading=\"lazy\" decoding=\"async\" class=\"alignnone size-full wp-image-1224\" src=\"http:\/\/blog.ensci.com\/innovationbydesign\/files\/2011\/03\/Capture-d\u2019\u00e9cran-2011-03-19-\u00e0-12.27.03.png\" alt=\"\" width=\"632\" height=\"382\" srcset=\"https:\/\/blog.ensci.com\/innovationbydesign\/files\/2011\/03\/Capture-d\u2019\u00e9cran-2011-03-19-\u00e0-12.27.03.png 632w, https:\/\/blog.ensci.com\/innovationbydesign\/files\/2011\/03\/Capture-d\u2019\u00e9cran-2011-03-19-\u00e0-12.27.03-300x181.png 300w\" sizes=\"auto, (max-width: 632px) 100vw, 632px\" \/><\/a><\/p>\n","protected":false},"excerpt":{"rendered":"<p>par Sophie P\u00e8ne Fran\u00e7ois Tadd\u00e9\u00ef &#8211; TEDx Paris http:\/\/fabelier.org\/ Le num\u00e9rique industrialise une nouvelle mani\u00e8re d&rsquo;acc\u00e8s \u00e0 la connaissance, \u00e0 l&rsquo;\u00e9ducation. apprendre aujourd&rsquo;hui c&rsquo;est comme apprendre \u00e0 jouer au L\u00e9go avec des formes qui changent tout le temps. Knowledge Builder &hellip; <a href=\"https:\/\/blog.ensci.com\/innovationbydesign\/2011\/03\/19\/le-lien-entre-individus-innovation-et-design-jour-2\/\">Continuer la lecture <span class=\"meta-nav\">&rarr;<\/span><\/a><\/p>\n","protected":false},"author":130,"featured_media":0,"comment_status":"open","ping_status":"open","sticky":false,"template":"","format":"standard","meta":{"footnotes":"","_links_to":"","_links_to_target":""},"categories":[17],"tags":[],"class_list":["post-1216","post","type-post","status-publish","format-standard","hentry","category-le-moment-contemporain"],"jetpack_featured_media_url":"","_links":{"self":[{"href":"https:\/\/blog.ensci.com\/innovationbydesign\/wp-json\/wp\/v2\/posts\/1216","targetHints":{"allow":["GET"]}}],"collection":[{"href":"https:\/\/blog.ensci.com\/innovationbydesign\/wp-json\/wp\/v2\/posts"}],"about":[{"href":"https:\/\/blog.ensci.com\/innovationbydesign\/wp-json\/wp\/v2\/types\/post"}],"author":[{"embeddable":true,"href":"https:\/\/blog.ensci.com\/innovationbydesign\/wp-json\/wp\/v2\/users\/130"}],"replies":[{"embeddable":true,"href":"https:\/\/blog.ensci.com\/innovationbydesign\/wp-json\/wp\/v2\/comments?post=1216"}],"version-history":[{"count":7,"href":"https:\/\/blog.ensci.com\/innovationbydesign\/wp-json\/wp\/v2\/posts\/1216\/revisions"}],"predecessor-version":[{"id":1219,"href":"https:\/\/blog.ensci.com\/innovationbydesign\/wp-json\/wp\/v2\/posts\/1216\/revisions\/1219"}],"wp:attachment":[{"href":"https:\/\/blog.ensci.com\/innovationbydesign\/wp-json\/wp\/v2\/media?parent=1216"}],"wp:term":[{"taxonomy":"category","embeddable":true,"href":"https:\/\/blog.ensci.com\/innovationbydesign\/wp-json\/wp\/v2\/categories?post=1216"},{"taxonomy":"post_tag","embeddable":true,"href":"https:\/\/blog.ensci.com\/innovationbydesign\/wp-json\/wp\/v2\/tags?post=1216"}],"curies":[{"name":"wp","href":"https:\/\/api.w.org\/{rel}","templated":true}]}}