{"id":1205,"date":"2011-03-18T14:41:35","date_gmt":"2011-03-18T14:41:35","guid":{"rendered":"http:\/\/blog.ensci.com\/innovationbydesign\/?p=1205"},"modified":"2011-03-19T09:49:37","modified_gmt":"2011-03-19T09:49:37","slug":"design-service","status":"publish","type":"post","link":"https:\/\/blog.ensci.com\/innovationbydesign\/2011\/03\/18\/design-service\/","title":{"rendered":"Design et Service"},"content":{"rendered":"<p><em>par St\u00e9phane Villard<\/em><\/p>\n<p>design int\u00e9gr\u00e9 chez edf<br \/>\nest entr\u00e9 chez edf pour travailler notamment sur la question des services.<\/p>\n<p>A quoi sert le design dans le service ?<br \/>\n(pris au sens conception de service)<br \/>\nLe studio r&amp;d design en 1998 par une personne tr\u00e8s sensible aux sciences humaines. Et a pris le design comme une m\u00e9thode de conception.<br \/>\nUne situation privil\u00e9gi\u00e9e au sein d&rsquo;une communaut\u00e9 de chercheurs et d&rsquo;experts<br \/>\nune petite \u00e9quipe de 4 personnes en relation avec de nombreux ind\u00e9pendants, des agences, des institutions, des \u00e9coles. Gilles Rougon, Guillaume Foissac, Etienne Vallet et St\u00e9phane Villard.<br \/>\nRelation de m\u00e9diation avec es deisgners ext\u00e9rieurs et d\u00e9veloppement du design en interne.<br \/>\nD\u00e9veloppement centr\u00e9 sur l&rsquo;efficacit\u00e9 \u00e9nerg\u00e9tique.<\/p>\n<p>Ils ont appris la culture de leurs interlocuteurs. Structures de l&rsquo;activit\u00e9 :<br \/>\n. une activit\u00e9 de veille, sur le m\u00e9tier aussi<br \/>\n. recherche et partenariats<br \/>\n. \u00e9tude prospectives avec les concepts car par exemple<br \/>\n. le conseil<br \/>\n. le d\u00e9veloppement<\/p>\n<p>S&rsquo;appuyer sur ce que peut faire le design<\/p>\n<p>contexte<br \/>\n. \u00e9puisement des ressources fosslles<br \/>\n. rejet de co2<br \/>\n. limites d\u00e9 d\u00e9veloppements des infratructures<\/p>\n<p>la mission : l&rsquo;efficacit\u00e9 \u00e9nerg\u00e9tique<\/p>\n<p>projet Mat\u00e9rialiser autrement l&rsquo;\u00e9nergie.<br \/>\nles veilles des appareils peuvent repr\u00e9senter jusqu&rsquo;\u00e0 10% de la consommation.<br \/>\nproposition de solutions<\/p>\n<p>prises emboitables : le projet est mat\u00e9rialis\u00e9 avec des objets r\u00e9els, permettent de v\u00e9hiculer des tests de briques technos, outils pour la communication,<\/p>\n<p>le s\u00e9maphore \u00e9lectrique : 3 couelurs pour donner la conscience des heures de pointe<\/p>\n<p>Watt&rsquo; Time une horloge de lumi\u00e8re permettant de lire en temps r\u00e9el la consommation nationale d&rsquo;\u00e9lectricit\u00e9<br \/>\n<a href=\"http:\/\/blog.ensci.com\/innovationbydesign\/files\/2011\/03\/sowatt.png\"><img loading=\"lazy\" decoding=\"async\" class=\"alignnone size-full wp-image-1210\" src=\"http:\/\/blog.ensci.com\/innovationbydesign\/files\/2011\/03\/sowatt.png\" alt=\"\" width=\"450\" height=\"316\" srcset=\"https:\/\/blog.ensci.com\/innovationbydesign\/files\/2011\/03\/sowatt.png 450w, https:\/\/blog.ensci.com\/innovationbydesign\/files\/2011\/03\/sowatt-300x210.png 300w\" sizes=\"auto, (max-width: 450px) 100vw, 450px\" \/><\/a><br \/>\n<em>objet question<\/em><\/p>\n<p>&gt; diff\u00e9rentes strates :<br \/>\nun objet question<br \/>\nun objet piste<br \/>\nle pr\u00e9 objet<br \/>\nl&rsquo;objet<\/p>\n<p><!--more--><a href=\"http:\/\/blog.ensci.com\/innovationbydesign\/files\/2011\/03\/Biennale_15.jpg\"><img loading=\"lazy\" decoding=\"async\" class=\"alignnone size-full wp-image-1212\" src=\"http:\/\/blog.ensci.com\/innovationbydesign\/files\/2011\/03\/Biennale_15.jpg\" alt=\"\" width=\"465\" height=\"349\" srcset=\"https:\/\/blog.ensci.com\/innovationbydesign\/files\/2011\/03\/Biennale_15.jpg 465w, https:\/\/blog.ensci.com\/innovationbydesign\/files\/2011\/03\/Biennale_15-300x225.jpg 300w\" sizes=\"auto, (max-width: 465px) 100vw, 465px\" \/><\/a><em><br \/>\nobjet piste<\/em><\/p>\n<p>&#8212;&#8212;&#8212;&#8212;&#8212;&#8212;&#8212;&#8212;&#8212;&#8212;&#8212;&#8212;&#8212;&#8212;&#8212;&#8212;&#8212;&#8212;&#8212;&#8212;&#8212;&#8212;&#8212;&#8212;&#8212;<\/p>\n<p>&gt; Design &amp; Service<br \/>\nle secteur tertaire emploie 86% des actifs aujourd&rsquo;hui.<br \/>\nil y a toujours une confusion entre un service et un produit qui rend un service.<br \/>\nle contexte de vente, les conditions d &lsquo;acc\u00e8s, l&rsquo;accompagnement d&rsquo;utilisation.<\/p>\n<p>qu&rsquo;est ce que c&rsquo;est que ce terme le service ?<br \/>\nL&rsquo;\u00e2ge de l&rsquo;acc\u00e8s de Jeremy Rifkin<br \/>\nLife time value. Classement, analyse de l&rsquo;individu en tant que consommateur<\/p>\n","protected":false},"excerpt":{"rendered":"<p>par St\u00e9phane Villard design int\u00e9gr\u00e9 chez edf est entr\u00e9 chez edf pour travailler notamment sur la question des services. A quoi sert le design dans le service ? (pris au sens conception de service) Le studio r&amp;d design en 1998 &hellip; <a href=\"https:\/\/blog.ensci.com\/innovationbydesign\/2011\/03\/18\/design-service\/\">Continuer la lecture <span class=\"meta-nav\">&rarr;<\/span><\/a><\/p>\n","protected":false},"author":130,"featured_media":0,"comment_status":"open","ping_status":"open","sticky":false,"template":"","format":"standard","meta":{"footnotes":"","_links_to":"","_links_to_target":""},"categories":[5],"tags":[],"class_list":["post-1205","post","type-post","status-publish","format-standard","hentry","category-divers"],"jetpack_featured_media_url":"","_links":{"self":[{"href":"https:\/\/blog.ensci.com\/innovationbydesign\/wp-json\/wp\/v2\/posts\/1205","targetHints":{"allow":["GET"]}}],"collection":[{"href":"https:\/\/blog.ensci.com\/innovationbydesign\/wp-json\/wp\/v2\/posts"}],"about":[{"href":"https:\/\/blog.ensci.com\/innovationbydesign\/wp-json\/wp\/v2\/types\/post"}],"author":[{"embeddable":true,"href":"https:\/\/blog.ensci.com\/innovationbydesign\/wp-json\/wp\/v2\/users\/130"}],"replies":[{"embeddable":true,"href":"https:\/\/blog.ensci.com\/innovationbydesign\/wp-json\/wp\/v2\/comments?post=1205"}],"version-history":[{"count":8,"href":"https:\/\/blog.ensci.com\/innovationbydesign\/wp-json\/wp\/v2\/posts\/1205\/revisions"}],"predecessor-version":[{"id":1215,"href":"https:\/\/blog.ensci.com\/innovationbydesign\/wp-json\/wp\/v2\/posts\/1205\/revisions\/1215"}],"wp:attachment":[{"href":"https:\/\/blog.ensci.com\/innovationbydesign\/wp-json\/wp\/v2\/media?parent=1205"}],"wp:term":[{"taxonomy":"category","embeddable":true,"href":"https:\/\/blog.ensci.com\/innovationbydesign\/wp-json\/wp\/v2\/categories?post=1205"},{"taxonomy":"post_tag","embeddable":true,"href":"https:\/\/blog.ensci.com\/innovationbydesign\/wp-json\/wp\/v2\/tags?post=1205"}],"curies":[{"name":"wp","href":"https:\/\/api.w.org\/{rel}","templated":true}]}}