{"id":182,"date":"2012-01-22T14:04:41","date_gmt":"2012-01-22T14:04:41","guid":{"rendered":"http:\/\/blog.ensci.com\/bayard\/?p=182"},"modified":"2012-01-22T15:41:26","modified_gmt":"2012-01-22T15:41:26","slug":"le-raconte-tapis","status":"publish","type":"post","link":"https:\/\/blog.ensci.com\/bayard\/2012\/01\/22\/le-raconte-tapis\/","title":{"rendered":"Le \u00ab\u00a0raconte-tapis\u00a0\u00bb"},"content":{"rendered":"<p style=\"text-align: center\"><a href=\"http:\/\/blog.ensci.com\/bayard\/2012\/01\/22\/le-raconte-tapis\/soupecailloux\/\" rel=\"attachment wp-att-183\"><img loading=\"lazy\" decoding=\"async\" class=\"size-full wp-image-183 aligncenter\" src=\"http:\/\/blog.ensci.com\/bayard\/files\/2012\/01\/soupecailloux.jpg\" alt=\"\" width=\"400\" height=\"488\" srcset=\"https:\/\/blog.ensci.com\/bayard\/files\/2012\/01\/soupecailloux.jpg 400w, https:\/\/blog.ensci.com\/bayard\/files\/2012\/01\/soupecailloux-327x400.jpg 327w\" sizes=\"auto, (max-width: 400px) 100vw, 400px\" \/><\/a><\/p>\n<p style=\"text-align: center\"><a href=\"http:\/\/blog.ensci.com\/bayard\/2012\/01\/22\/le-raconte-tapis\/visite-exposition1\/\" rel=\"attachment wp-att-184\"><img loading=\"lazy\" decoding=\"async\" class=\"size-medium wp-image-184 aligncenter\" src=\"http:\/\/blog.ensci.com\/bayard\/files\/2012\/01\/visite-exposition1-300x400.jpg\" alt=\"\" width=\"300\" height=\"400\" srcset=\"https:\/\/blog.ensci.com\/bayard\/files\/2012\/01\/visite-exposition1-300x400.jpg 300w, https:\/\/blog.ensci.com\/bayard\/files\/2012\/01\/visite-exposition1.jpg 480w\" sizes=\"auto, (max-width: 300px) 100vw, 300px\" \/><\/a><\/p>\n<p><em>\u00ab\u00a0Sa vocation premi\u00e8re est d&rsquo;\u00eatre un pont entre l&rsquo;enfant et le livre, un concept \u00e0 port\u00e9e p\u00e9dagogique. Je fais partie de ceux pour qui la p\u00e9dagogie peut ne pas \u00eatre ennuyeuse. J&rsquo;ai donc con\u00e7u le raconte-tapis pour qu&rsquo;il soit ludique et int\u00e9ractif et qu&rsquo;il mette les participants enfants, adolescents comme adultes au m\u00eame niveau, d&rsquo;o\u00f9 l&rsquo;horizontalit\u00e9 et le travail au sol. Celui qui sait n&rsquo;est pas l\u00e0 pour montrer et dispenser son savoir, il est l\u00e0 pour le partager.<\/em><\/p>\n<p><em>J&rsquo;ai \u00e9t\u00e9 form\u00e9e aux m\u00e9thodes actives dans l&rsquo;\u00e9ducation et la r\u00e9\u00e9ducation et j&rsquo;ai appliqu\u00e9 la m\u00e9thode Freinet dans l&rsquo;exercice de mon travail d&rsquo;\u00e9ducatrice scolaire. En m&rsquo;appuyant sur mon exp\u00e9rience, ma r\u00e9flexion et mes recherches m&rsquo;ont conduite \u00e0 ce concept qui est un juste \u00e9quilibre entre litt\u00e9rature, art plastique, art de la parole et p\u00e9dagogie appliqu\u00e9e.\u00a0\u00bb<\/em><\/p>\n<p><a href=\"http:\/\/racontetapis.free.fr\/acquerir.html\">http:\/\/racontetapis.free.fr\/acquerir.html<\/a><\/p>\n","protected":false},"excerpt":{"rendered":"<p>\u00ab\u00a0Sa vocation premi\u00e8re est d&rsquo;\u00eatre un pont entre l&rsquo;enfant et le livre, un concept \u00e0 port\u00e9e p\u00e9dagogique. Je fais partie de ceux pour qui la p\u00e9dagogie peut ne pas \u00eatre ennuyeuse. J&rsquo;ai donc con\u00e7u le raconte-tapis pour qu&rsquo;il soit ludique &hellip; <a href=\"https:\/\/blog.ensci.com\/bayard\/2012\/01\/22\/le-raconte-tapis\/\">Lire la suite <span class=\"meta-nav\">&rarr;<\/span><\/a><\/p>\n","protected":false},"author":231,"featured_media":0,"comment_status":"open","ping_status":"open","sticky":false,"template":"","format":"standard","meta":{"footnotes":"","_links_to":"","_links_to_target":""},"categories":[5],"tags":[39,40,38],"class_list":["post-182","post","type-post","status-publish","format-standard","hentry","category-pedagogie","tag-histoire","tag-narration","tag-tapis"],"jetpack_featured_media_url":"","_links":{"self":[{"href":"https:\/\/blog.ensci.com\/bayard\/wp-json\/wp\/v2\/posts\/182","targetHints":{"allow":["GET"]}}],"collection":[{"href":"https:\/\/blog.ensci.com\/bayard\/wp-json\/wp\/v2\/posts"}],"about":[{"href":"https:\/\/blog.ensci.com\/bayard\/wp-json\/wp\/v2\/types\/post"}],"author":[{"embeddable":true,"href":"https:\/\/blog.ensci.com\/bayard\/wp-json\/wp\/v2\/users\/231"}],"replies":[{"embeddable":true,"href":"https:\/\/blog.ensci.com\/bayard\/wp-json\/wp\/v2\/comments?post=182"}],"version-history":[{"count":5,"href":"https:\/\/blog.ensci.com\/bayard\/wp-json\/wp\/v2\/posts\/182\/revisions"}],"predecessor-version":[{"id":203,"href":"https:\/\/blog.ensci.com\/bayard\/wp-json\/wp\/v2\/posts\/182\/revisions\/203"}],"wp:attachment":[{"href":"https:\/\/blog.ensci.com\/bayard\/wp-json\/wp\/v2\/media?parent=182"}],"wp:term":[{"taxonomy":"category","embeddable":true,"href":"https:\/\/blog.ensci.com\/bayard\/wp-json\/wp\/v2\/categories?post=182"},{"taxonomy":"post_tag","embeddable":true,"href":"https:\/\/blog.ensci.com\/bayard\/wp-json\/wp\/v2\/tags?post=182"}],"curies":[{"name":"wp","href":"https:\/\/api.w.org\/{rel}","templated":true}]}}