{"id":128,"date":"2012-01-20T16:19:18","date_gmt":"2012-01-20T16:19:18","guid":{"rendered":"http:\/\/blog.ensci.com\/bayard\/?p=128"},"modified":"2012-01-20T16:19:18","modified_gmt":"2012-01-20T16:19:18","slug":"illustration-concrete-dune-alternative-educative-a-lecole-le-choix-de-la-pedagogie-freinet","status":"publish","type":"post","link":"https:\/\/blog.ensci.com\/bayard\/2012\/01\/20\/illustration-concrete-dune-alternative-educative-a-lecole-le-choix-de-la-pedagogie-freinet\/","title":{"rendered":"Illustration concr\u00e8te d\u2019une alternative \u00e9ducative \u00e0 l&rsquo;\u00e9cole : le choix de la P\u00e9dagogie Freinet"},"content":{"rendered":"<p>Pages de Marine Baro:<\/p>\n<p><a href=\"http:\/\/marine.baro.free.fr\/wordpress\/\">http:\/\/marine.baro.free.fr\/wordpress\/<\/a><\/p>\n<p><strong>Dans la classe Freinet, Il n\u2019y a pas de notes, ni de classements<\/strong>\u00a0l<a title=\"l\u2019\u00e9valuation\" href=\"http:\/\/marine.baro.free.fr\/wordpress\/?page_id=1055\">\u2018<\/a><a title=\"L\u2019\u00e9valuation\" href=\"http:\/\/marine.baro.free.fr\/wordpress\/?page_id=1055\">\u00e9valuation<\/a>\u00a0se fait sous d\u2019autres formes. Avec les notes et les classements, les \u00e9l\u00e8ves sont mis dos \u00e0 dos sans espoir de fraternit\u00e9 et la mise en concurrence entre les \u00e9l\u00e8ves fait r\u00e9gner la violence des attitudes individualistes dans la classe : int\u00e9r\u00eat personnel, humiliations, injustice\u2026\u00a0La notation intoxique la classe\u00a0et ne laisse aucun espoir de coop\u00e9ration et de solidarit\u00e9&#8230;<\/p>\n","protected":false},"excerpt":{"rendered":"<p>Pages de Marine Baro: http:\/\/marine.baro.free.fr\/wordpress\/ Dans la classe Freinet, Il n\u2019y a pas de notes, ni de classements\u00a0l\u2018\u00e9valuation\u00a0se fait sous d\u2019autres formes. Avec les notes et les classements, les \u00e9l\u00e8ves sont mis dos \u00e0 dos sans espoir de fraternit\u00e9 et &hellip; <a href=\"https:\/\/blog.ensci.com\/bayard\/2012\/01\/20\/illustration-concrete-dune-alternative-educative-a-lecole-le-choix-de-la-pedagogie-freinet\/\">Lire la suite <span class=\"meta-nav\">&rarr;<\/span><\/a><\/p>\n","protected":false},"author":231,"featured_media":0,"comment_status":"open","ping_status":"open","sticky":false,"template":"","format":"standard","meta":{"footnotes":"","_links_to":"","_links_to_target":""},"categories":[5],"tags":[20,22],"class_list":["post-128","post","type-post","status-publish","format-standard","hentry","category-pedagogie","tag-classe","tag-freinet"],"jetpack_featured_media_url":"","_links":{"self":[{"href":"https:\/\/blog.ensci.com\/bayard\/wp-json\/wp\/v2\/posts\/128","targetHints":{"allow":["GET"]}}],"collection":[{"href":"https:\/\/blog.ensci.com\/bayard\/wp-json\/wp\/v2\/posts"}],"about":[{"href":"https:\/\/blog.ensci.com\/bayard\/wp-json\/wp\/v2\/types\/post"}],"author":[{"embeddable":true,"href":"https:\/\/blog.ensci.com\/bayard\/wp-json\/wp\/v2\/users\/231"}],"replies":[{"embeddable":true,"href":"https:\/\/blog.ensci.com\/bayard\/wp-json\/wp\/v2\/comments?post=128"}],"version-history":[{"count":1,"href":"https:\/\/blog.ensci.com\/bayard\/wp-json\/wp\/v2\/posts\/128\/revisions"}],"predecessor-version":[{"id":134,"href":"https:\/\/blog.ensci.com\/bayard\/wp-json\/wp\/v2\/posts\/128\/revisions\/134"}],"wp:attachment":[{"href":"https:\/\/blog.ensci.com\/bayard\/wp-json\/wp\/v2\/media?parent=128"}],"wp:term":[{"taxonomy":"category","embeddable":true,"href":"https:\/\/blog.ensci.com\/bayard\/wp-json\/wp\/v2\/categories?post=128"},{"taxonomy":"post_tag","embeddable":true,"href":"https:\/\/blog.ensci.com\/bayard\/wp-json\/wp\/v2\/tags?post=128"}],"curies":[{"name":"wp","href":"https:\/\/api.w.org\/{rel}","templated":true}]}}